{"id":6576,"date":"2020-06-29T14:27:12","date_gmt":"2020-06-29T14:27:12","guid":{"rendered":"https:\/\/www.sacrecoeureugies.be\/sacrecoeureugies\/?p=6576"},"modified":"2023-03-26T17:24:25","modified_gmt":"2023-03-26T17:24:25","slug":"permanences-inscriptions-en-juillet-et-aout","status":"publish","type":"post","link":"https:\/\/www.sacrecoeureugies.be\/sacrecoeureugies\/2020\/06\/29\/permanences-inscriptions-en-juillet-et-aout\/","title":{"rendered":"Permanences inscriptions en juillet et ao\u00fbt"},"content":{"rendered":"<p><span style=\"font-weight: 400;\">Des permanences sont pr\u00e9vues pour les inscriptions la premi\u00e8re semaine de juillet et la derni\u00e8re semaine du mois d\u2019ao\u00fbt selon l\u2019horaire suivant :<\/span><\/p>\n<p><span style=\"font-weight: 400;\">\u00a0<img loading=\"lazy\" decoding=\"async\" class=\"alignnone size-medium wp-image-6625\" src=\"https:\/\/www.sacrecoeureugies.be\/sacrecoeureugies\/wp-content\/uploads\/2020\/06\/permanences-300x208.jpg\" alt=\"\" width=\"300\" height=\"208\" srcset=\"https:\/\/www.sacrecoeureugies.be\/sacrecoeureugies\/wp-content\/uploads\/2020\/06\/permanences-300x208.jpg 300w, https:\/\/www.sacrecoeureugies.be\/sacrecoeureugies\/wp-content\/uploads\/2020\/06\/permanences.jpg 750w\" sizes=\"auto, (max-width: 300px) 100vw, 300px\" \/><\/span><\/p>\n<p>&nbsp;<\/p>\n","protected":false},"excerpt":{"rendered":"<p>Des permanences sont pr\u00e9vues pour les inscriptions la premi\u00e8re semaine de juillet et la derni\u00e8re semaine du mois d\u2019ao\u00fbt selon l\u2019horaire suivant : \u00a0 &nbsp;<\/p>\n","protected":false},"author":1,"featured_media":6577,"comment_status":"closed","ping_status":"closed","sticky":false,"template":"","format":"standard","meta":{"footnotes":""},"categories":[54],"tags":[],"class_list":["post-6576","post","type-post","status-publish","format-standard","has-post-thumbnail","hentry","category-vie-de-lecole"],"yoast_head":"<!-- This site is optimized with the Yoast SEO plugin v27.1.1 - https:\/\/yoast.com\/product\/yoast-seo-wordpress\/ -->\n<title>Permanences inscriptions en juillet et ao\u00fbt - Sacr\u00e9 Coeur Eugies<\/title>\n<meta name=\"robots\" content=\"index, follow, max-snippet:-1, max-image-preview:large, max-video-preview:-1\" \/>\n<link rel=\"canonical\" href=\"https:\/\/www.sacrecoeureugies.be\/sacrecoeureugies\/2020\/06\/29\/permanences-inscriptions-en-juillet-et-aout\/\" \/>\n<meta property=\"og:locale\" content=\"fr_FR\" \/>\n<meta property=\"og:type\" content=\"article\" \/>\n<meta property=\"og:title\" content=\"Permanences inscriptions en juillet et ao\u00fbt - Sacr\u00e9 Coeur Eugies\" \/>\n<meta property=\"og:description\" content=\"Des permanences sont pr\u00e9vues pour les inscriptions la premi\u00e8re semaine de juillet et la derni\u00e8re semaine du mois d\u2019ao\u00fbt selon l\u2019horaire suivant : \u00a0 &nbsp;\" \/>\n<meta property=\"og:url\" content=\"https:\/\/www.sacrecoeureugies.be\/sacrecoeureugies\/2020\/06\/29\/permanences-inscriptions-en-juillet-et-aout\/\" \/>\n<meta property=\"og:site_name\" content=\"Sacr\u00e9 Coeur Eugies\" \/>\n<meta property=\"article:publisher\" content=\"https:\/\/www.facebook.com\/ecolelibresacrecoeureugies\" \/>\n<meta property=\"article:published_time\" content=\"2020-06-29T14:27:12+00:00\" \/>\n<meta property=\"article:modified_time\" content=\"2023-03-26T17:24:25+00:00\" \/>\n<meta property=\"og:image\" content=\"https:\/\/www.sacrecoeureugies.be\/sacrecoeureugies\/wp-content\/uploads\/2020\/06\/Inscriptions.jpg\" \/>\n\t<meta property=\"og:image:width\" content=\"1024\" \/>\n\t<meta property=\"og:image:height\" content=\"768\" \/>\n\t<meta property=\"og:image:type\" content=\"image\/jpeg\" \/>\n<meta name=\"author\" content=\"reynaldo.gaone\" \/>\n<meta name=\"twitter:card\" content=\"summary_large_image\" \/>\n<meta name=\"twitter:label1\" content=\"\u00c9crit par\" \/>\n\t<meta name=\"twitter:data1\" content=\"reynaldo.gaone\" \/>\n\t<meta name=\"twitter:label2\" content=\"Dur\u00e9e de lecture estim\u00e9e\" \/>\n\t<meta name=\"twitter:data2\" content=\"1 minute\" \/>\n<script type=\"application\/ld+json\" class=\"yoast-schema-graph\">{\"@context\":\"https:\/\/schema.org\",\"@graph\":[{\"@type\":\"Article\",\"@id\":\"https:\/\/www.sacrecoeureugies.be\/sacrecoeureugies\/2020\/06\/29\/permanences-inscriptions-en-juillet-et-aout\/#article\",\"isPartOf\":{\"@id\":\"https:\/\/www.sacrecoeureugies.be\/sacrecoeureugies\/2020\/06\/29\/permanences-inscriptions-en-juillet-et-aout\/\"},\"author\":{\"name\":\"reynaldo.gaone\",\"@id\":\"https:\/\/www.sacrecoeureugies.be\/sacrecoeureugies\/#\/schema\/person\/1afe0d81d2334a7ec5a7359fa6c4c10f\"},\"headline\":\"Permanences inscriptions en juillet et ao\u00fbt\",\"datePublished\":\"2020-06-29T14:27:12+00:00\",\"dateModified\":\"2023-03-26T17:24:25+00:00\",\"mainEntityOfPage\":{\"@id\":\"https:\/\/www.sacrecoeureugies.be\/sacrecoeureugies\/2020\/06\/29\/permanences-inscriptions-en-juillet-et-aout\/\"},\"wordCount\":36,\"publisher\":{\"@id\":\"https:\/\/www.sacrecoeureugies.be\/sacrecoeureugies\/#organization\"},\"image\":{\"@id\":\"https:\/\/www.sacrecoeureugies.be\/sacrecoeureugies\/2020\/06\/29\/permanences-inscriptions-en-juillet-et-aout\/#primaryimage\"},\"thumbnailUrl\":\"https:\/\/www.sacrecoeureugies.be\/sacrecoeureugies\/wp-content\/uploads\/2020\/06\/Inscriptions.jpg\",\"articleSection\":[\"Vie de l'\u00e9cole\"],\"inLanguage\":\"fr-FR\"},{\"@type\":\"WebPage\",\"@id\":\"https:\/\/www.sacrecoeureugies.be\/sacrecoeureugies\/2020\/06\/29\/permanences-inscriptions-en-juillet-et-aout\/\",\"url\":\"https:\/\/www.sacrecoeureugies.be\/sacrecoeureugies\/2020\/06\/29\/permanences-inscriptions-en-juillet-et-aout\/\",\"name\":\"Permanences inscriptions en juillet et ao\u00fbt - Sacr\u00e9 Coeur Eugies\",\"isPartOf\":{\"@id\":\"https:\/\/www.sacrecoeureugies.be\/sacrecoeureugies\/#website\"},\"primaryImageOfPage\":{\"@id\":\"https:\/\/www.sacrecoeureugies.be\/sacrecoeureugies\/2020\/06\/29\/permanences-inscriptions-en-juillet-et-aout\/#primaryimage\"},\"image\":{\"@id\":\"https:\/\/www.sacrecoeureugies.be\/sacrecoeureugies\/2020\/06\/29\/permanences-inscriptions-en-juillet-et-aout\/#primaryimage\"},\"thumbnailUrl\":\"https:\/\/www.sacrecoeureugies.be\/sacrecoeureugies\/wp-content\/uploads\/2020\/06\/Inscriptions.jpg\",\"datePublished\":\"2020-06-29T14:27:12+00:00\",\"dateModified\":\"2023-03-26T17:24:25+00:00\",\"breadcrumb\":{\"@id\":\"https:\/\/www.sacrecoeureugies.be\/sacrecoeureugies\/2020\/06\/29\/permanences-inscriptions-en-juillet-et-aout\/#breadcrumb\"},\"inLanguage\":\"fr-FR\",\"potentialAction\":[{\"@type\":\"ReadAction\",\"target\":[\"https:\/\/www.sacrecoeureugies.be\/sacrecoeureugies\/2020\/06\/29\/permanences-inscriptions-en-juillet-et-aout\/\"]}]},{\"@type\":\"ImageObject\",\"inLanguage\":\"fr-FR\",\"@id\":\"https:\/\/www.sacrecoeureugies.be\/sacrecoeureugies\/2020\/06\/29\/permanences-inscriptions-en-juillet-et-aout\/#primaryimage\",\"url\":\"https:\/\/www.sacrecoeureugies.be\/sacrecoeureugies\/wp-content\/uploads\/2020\/06\/Inscriptions.jpg\",\"contentUrl\":\"https:\/\/www.sacrecoeureugies.be\/sacrecoeureugies\/wp-content\/uploads\/2020\/06\/Inscriptions.jpg\",\"width\":1024,\"height\":768},{\"@type\":\"BreadcrumbList\",\"@id\":\"https:\/\/www.sacrecoeureugies.be\/sacrecoeureugies\/2020\/06\/29\/permanences-inscriptions-en-juillet-et-aout\/#breadcrumb\",\"itemListElement\":[{\"@type\":\"ListItem\",\"position\":1,\"name\":\"Accueil\",\"item\":\"https:\/\/www.sacrecoeureugies.be\/sacrecoeureugies\/\"},{\"@type\":\"ListItem\",\"position\":2,\"name\":\"Permanences inscriptions en juillet et ao\u00fbt\"}]},{\"@type\":\"WebSite\",\"@id\":\"https:\/\/www.sacrecoeureugies.be\/sacrecoeureugies\/#website\",\"url\":\"https:\/\/www.sacrecoeureugies.be\/sacrecoeureugies\/\",\"name\":\"Sacr\u00e9 Coeur Eugies\",\"description\":\"Site officel\",\"publisher\":{\"@id\":\"https:\/\/www.sacrecoeureugies.be\/sacrecoeureugies\/#organization\"},\"potentialAction\":[{\"@type\":\"SearchAction\",\"target\":{\"@type\":\"EntryPoint\",\"urlTemplate\":\"https:\/\/www.sacrecoeureugies.be\/sacrecoeureugies\/?s={search_term_string}\"},\"query-input\":{\"@type\":\"PropertyValueSpecification\",\"valueRequired\":true,\"valueName\":\"search_term_string\"}}],\"inLanguage\":\"fr-FR\"},{\"@type\":\"Organization\",\"@id\":\"https:\/\/www.sacrecoeureugies.be\/sacrecoeureugies\/#organization\",\"name\":\"Sacr\u00e9 Coeur Eugies\",\"url\":\"https:\/\/www.sacrecoeureugies.be\/sacrecoeureugies\/\",\"logo\":{\"@type\":\"ImageObject\",\"inLanguage\":\"fr-FR\",\"@id\":\"https:\/\/www.sacrecoeureugies.be\/sacrecoeureugies\/#\/schema\/logo\/image\/\",\"url\":\"https:\/\/www.sacrecoeureugies.be\/sacrecoeureugies\/wp-content\/uploads\/2020\/03\/LogoSiteEugiesNsmall.png\",\"contentUrl\":\"https:\/\/www.sacrecoeureugies.be\/sacrecoeureugies\/wp-content\/uploads\/2020\/03\/LogoSiteEugiesNsmall.png\",\"width\":440,\"height\":138,\"caption\":\"Sacr\u00e9 Coeur Eugies\"},\"image\":{\"@id\":\"https:\/\/www.sacrecoeureugies.be\/sacrecoeureugies\/#\/schema\/logo\/image\/\"},\"sameAs\":[\"https:\/\/www.facebook.com\/ecolelibresacrecoeureugies\"]},{\"@type\":\"Person\",\"@id\":\"https:\/\/www.sacrecoeureugies.be\/sacrecoeureugies\/#\/schema\/person\/1afe0d81d2334a7ec5a7359fa6c4c10f\",\"name\":\"reynaldo.gaone\",\"image\":{\"@type\":\"ImageObject\",\"inLanguage\":\"fr-FR\",\"@id\":\"https:\/\/www.sacrecoeureugies.be\/sacrecoeureugies\/#\/schema\/person\/image\/\",\"url\":\"https:\/\/secure.gravatar.com\/avatar\/42be9a3205571bfc329759d599c83deffd78980b80ac0635c3c689087f2700e7?s=96&d=mm&r=g\",\"contentUrl\":\"https:\/\/secure.gravatar.com\/avatar\/42be9a3205571bfc329759d599c83deffd78980b80ac0635c3c689087f2700e7?s=96&d=mm&r=g\",\"caption\":\"reynaldo.gaone\"},\"url\":\"https:\/\/www.sacrecoeureugies.be\/sacrecoeureugies\/author\/reynaldo.gaone\/\"}]}<\/script>\n<!-- \/ Yoast SEO plugin. -->","yoast_head_json":{"title":"Permanences inscriptions en juillet et ao\u00fbt - Sacr\u00e9 Coeur Eugies","robots":{"index":"index","follow":"follow","max-snippet":"max-snippet:-1","max-image-preview":"max-image-preview:large","max-video-preview":"max-video-preview:-1"},"canonical":"https:\/\/www.sacrecoeureugies.be\/sacrecoeureugies\/2020\/06\/29\/permanences-inscriptions-en-juillet-et-aout\/","og_locale":"fr_FR","og_type":"article","og_title":"Permanences inscriptions en juillet et ao\u00fbt - Sacr\u00e9 Coeur Eugies","og_description":"Des permanences sont pr\u00e9vues pour les inscriptions la premi\u00e8re semaine de juillet et la derni\u00e8re semaine du mois d\u2019ao\u00fbt selon l\u2019horaire suivant : \u00a0 &nbsp;","og_url":"https:\/\/www.sacrecoeureugies.be\/sacrecoeureugies\/2020\/06\/29\/permanences-inscriptions-en-juillet-et-aout\/","og_site_name":"Sacr\u00e9 Coeur Eugies","article_publisher":"https:\/\/www.facebook.com\/ecolelibresacrecoeureugies","article_published_time":"2020-06-29T14:27:12+00:00","article_modified_time":"2023-03-26T17:24:25+00:00","og_image":[{"width":1024,"height":768,"url":"https:\/\/www.sacrecoeureugies.be\/sacrecoeureugies\/wp-content\/uploads\/2020\/06\/Inscriptions.jpg","type":"image\/jpeg"}],"author":"reynaldo.gaone","twitter_card":"summary_large_image","twitter_misc":{"\u00c9crit par":"reynaldo.gaone","Dur\u00e9e de lecture estim\u00e9e":"1 minute"},"schema":{"@context":"https:\/\/schema.org","@graph":[{"@type":"Article","@id":"https:\/\/www.sacrecoeureugies.be\/sacrecoeureugies\/2020\/06\/29\/permanences-inscriptions-en-juillet-et-aout\/#article","isPartOf":{"@id":"https:\/\/www.sacrecoeureugies.be\/sacrecoeureugies\/2020\/06\/29\/permanences-inscriptions-en-juillet-et-aout\/"},"author":{"name":"reynaldo.gaone","@id":"https:\/\/www.sacrecoeureugies.be\/sacrecoeureugies\/#\/schema\/person\/1afe0d81d2334a7ec5a7359fa6c4c10f"},"headline":"Permanences inscriptions en juillet et ao\u00fbt","datePublished":"2020-06-29T14:27:12+00:00","dateModified":"2023-03-26T17:24:25+00:00","mainEntityOfPage":{"@id":"https:\/\/www.sacrecoeureugies.be\/sacrecoeureugies\/2020\/06\/29\/permanences-inscriptions-en-juillet-et-aout\/"},"wordCount":36,"publisher":{"@id":"https:\/\/www.sacrecoeureugies.be\/sacrecoeureugies\/#organization"},"image":{"@id":"https:\/\/www.sacrecoeureugies.be\/sacrecoeureugies\/2020\/06\/29\/permanences-inscriptions-en-juillet-et-aout\/#primaryimage"},"thumbnailUrl":"https:\/\/www.sacrecoeureugies.be\/sacrecoeureugies\/wp-content\/uploads\/2020\/06\/Inscriptions.jpg","articleSection":["Vie de l'\u00e9cole"],"inLanguage":"fr-FR"},{"@type":"WebPage","@id":"https:\/\/www.sacrecoeureugies.be\/sacrecoeureugies\/2020\/06\/29\/permanences-inscriptions-en-juillet-et-aout\/","url":"https:\/\/www.sacrecoeureugies.be\/sacrecoeureugies\/2020\/06\/29\/permanences-inscriptions-en-juillet-et-aout\/","name":"Permanences inscriptions en juillet et ao\u00fbt - Sacr\u00e9 Coeur Eugies","isPartOf":{"@id":"https:\/\/www.sacrecoeureugies.be\/sacrecoeureugies\/#website"},"primaryImageOfPage":{"@id":"https:\/\/www.sacrecoeureugies.be\/sacrecoeureugies\/2020\/06\/29\/permanences-inscriptions-en-juillet-et-aout\/#primaryimage"},"image":{"@id":"https:\/\/www.sacrecoeureugies.be\/sacrecoeureugies\/2020\/06\/29\/permanences-inscriptions-en-juillet-et-aout\/#primaryimage"},"thumbnailUrl":"https:\/\/www.sacrecoeureugies.be\/sacrecoeureugies\/wp-content\/uploads\/2020\/06\/Inscriptions.jpg","datePublished":"2020-06-29T14:27:12+00:00","dateModified":"2023-03-26T17:24:25+00:00","breadcrumb":{"@id":"https:\/\/www.sacrecoeureugies.be\/sacrecoeureugies\/2020\/06\/29\/permanences-inscriptions-en-juillet-et-aout\/#breadcrumb"},"inLanguage":"fr-FR","potentialAction":[{"@type":"ReadAction","target":["https:\/\/www.sacrecoeureugies.be\/sacrecoeureugies\/2020\/06\/29\/permanences-inscriptions-en-juillet-et-aout\/"]}]},{"@type":"ImageObject","inLanguage":"fr-FR","@id":"https:\/\/www.sacrecoeureugies.be\/sacrecoeureugies\/2020\/06\/29\/permanences-inscriptions-en-juillet-et-aout\/#primaryimage","url":"https:\/\/www.sacrecoeureugies.be\/sacrecoeureugies\/wp-content\/uploads\/2020\/06\/Inscriptions.jpg","contentUrl":"https:\/\/www.sacrecoeureugies.be\/sacrecoeureugies\/wp-content\/uploads\/2020\/06\/Inscriptions.jpg","width":1024,"height":768},{"@type":"BreadcrumbList","@id":"https:\/\/www.sacrecoeureugies.be\/sacrecoeureugies\/2020\/06\/29\/permanences-inscriptions-en-juillet-et-aout\/#breadcrumb","itemListElement":[{"@type":"ListItem","position":1,"name":"Accueil","item":"https:\/\/www.sacrecoeureugies.be\/sacrecoeureugies\/"},{"@type":"ListItem","position":2,"name":"Permanences inscriptions en juillet et ao\u00fbt"}]},{"@type":"WebSite","@id":"https:\/\/www.sacrecoeureugies.be\/sacrecoeureugies\/#website","url":"https:\/\/www.sacrecoeureugies.be\/sacrecoeureugies\/","name":"Sacr\u00e9 Coeur Eugies","description":"Site officel","publisher":{"@id":"https:\/\/www.sacrecoeureugies.be\/sacrecoeureugies\/#organization"},"potentialAction":[{"@type":"SearchAction","target":{"@type":"EntryPoint","urlTemplate":"https:\/\/www.sacrecoeureugies.be\/sacrecoeureugies\/?s={search_term_string}"},"query-input":{"@type":"PropertyValueSpecification","valueRequired":true,"valueName":"search_term_string"}}],"inLanguage":"fr-FR"},{"@type":"Organization","@id":"https:\/\/www.sacrecoeureugies.be\/sacrecoeureugies\/#organization","name":"Sacr\u00e9 Coeur Eugies","url":"https:\/\/www.sacrecoeureugies.be\/sacrecoeureugies\/","logo":{"@type":"ImageObject","inLanguage":"fr-FR","@id":"https:\/\/www.sacrecoeureugies.be\/sacrecoeureugies\/#\/schema\/logo\/image\/","url":"https:\/\/www.sacrecoeureugies.be\/sacrecoeureugies\/wp-content\/uploads\/2020\/03\/LogoSiteEugiesNsmall.png","contentUrl":"https:\/\/www.sacrecoeureugies.be\/sacrecoeureugies\/wp-content\/uploads\/2020\/03\/LogoSiteEugiesNsmall.png","width":440,"height":138,"caption":"Sacr\u00e9 Coeur Eugies"},"image":{"@id":"https:\/\/www.sacrecoeureugies.be\/sacrecoeureugies\/#\/schema\/logo\/image\/"},"sameAs":["https:\/\/www.facebook.com\/ecolelibresacrecoeureugies"]},{"@type":"Person","@id":"https:\/\/www.sacrecoeureugies.be\/sacrecoeureugies\/#\/schema\/person\/1afe0d81d2334a7ec5a7359fa6c4c10f","name":"reynaldo.gaone","image":{"@type":"ImageObject","inLanguage":"fr-FR","@id":"https:\/\/www.sacrecoeureugies.be\/sacrecoeureugies\/#\/schema\/person\/image\/","url":"https:\/\/secure.gravatar.com\/avatar\/42be9a3205571bfc329759d599c83deffd78980b80ac0635c3c689087f2700e7?s=96&d=mm&r=g","contentUrl":"https:\/\/secure.gravatar.com\/avatar\/42be9a3205571bfc329759d599c83deffd78980b80ac0635c3c689087f2700e7?s=96&d=mm&r=g","caption":"reynaldo.gaone"},"url":"https:\/\/www.sacrecoeureugies.be\/sacrecoeureugies\/author\/reynaldo.gaone\/"}]}},"_links":{"self":[{"href":"https:\/\/www.sacrecoeureugies.be\/sacrecoeureugies\/wp-json\/wp\/v2\/posts\/6576","targetHints":{"allow":["GET"]}}],"collection":[{"href":"https:\/\/www.sacrecoeureugies.be\/sacrecoeureugies\/wp-json\/wp\/v2\/posts"}],"about":[{"href":"https:\/\/www.sacrecoeureugies.be\/sacrecoeureugies\/wp-json\/wp\/v2\/types\/post"}],"author":[{"embeddable":true,"href":"https:\/\/www.sacrecoeureugies.be\/sacrecoeureugies\/wp-json\/wp\/v2\/users\/1"}],"replies":[{"embeddable":true,"href":"https:\/\/www.sacrecoeureugies.be\/sacrecoeureugies\/wp-json\/wp\/v2\/comments?post=6576"}],"version-history":[{"count":5,"href":"https:\/\/www.sacrecoeureugies.be\/sacrecoeureugies\/wp-json\/wp\/v2\/posts\/6576\/revisions"}],"predecessor-version":[{"id":6704,"href":"https:\/\/www.sacrecoeureugies.be\/sacrecoeureugies\/wp-json\/wp\/v2\/posts\/6576\/revisions\/6704"}],"wp:featuredmedia":[{"embeddable":true,"href":"https:\/\/www.sacrecoeureugies.be\/sacrecoeureugies\/wp-json\/wp\/v2\/media\/6577"}],"wp:attachment":[{"href":"https:\/\/www.sacrecoeureugies.be\/sacrecoeureugies\/wp-json\/wp\/v2\/media?parent=6576"}],"wp:term":[{"taxonomy":"category","embeddable":true,"href":"https:\/\/www.sacrecoeureugies.be\/sacrecoeureugies\/wp-json\/wp\/v2\/categories?post=6576"},{"taxonomy":"post_tag","embeddable":true,"href":"https:\/\/www.sacrecoeureugies.be\/sacrecoeureugies\/wp-json\/wp\/v2\/tags?post=6576"}],"curies":[{"name":"wp","href":"https:\/\/api.w.org\/{rel}","templated":true}]}}