{"id":6646,"date":"2022-05-28T09:48:25","date_gmt":"2022-05-28T09:48:25","guid":{"rendered":"https:\/\/www.sacrecoeureugies.be\/sacrecoeureugies\/?p=6646"},"modified":"2022-05-28T10:30:42","modified_gmt":"2022-05-28T10:30:42","slug":"portes-ouvertes-2022","status":"publish","type":"post","link":"https:\/\/www.sacrecoeureugies.be\/sacrecoeureugies\/2022\/05\/28\/portes-ouvertes-2022\/","title":{"rendered":"Portes ouvertes 2022"},"content":{"rendered":"<p><span style=\"font-weight: 400;\">Venez nous rencontrer le 3 juin 2022 de 16h \u00e0 19h30. Visite des locaux et rencontre avec les enseignants.<\/span><\/p>\n<p><span style=\"font-weight: 400;\">\u00a0<\/span><\/p>\n<p>&nbsp;<\/p>\n","protected":false},"excerpt":{"rendered":"<p>Venez nous rencontrer le 3 juin 2022 de 16h \u00e0 19h30. Visite des locaux et rencontre avec les enseignants. \u00a0 &nbsp;<\/p>\n","protected":false},"author":3,"featured_media":6640,"comment_status":"closed","ping_status":"closed","sticky":false,"template":"","format":"standard","meta":{"footnotes":""},"categories":[54],"tags":[],"class_list":["post-6646","post","type-post","status-publish","format-standard","has-post-thumbnail","hentry","category-vie-de-lecole"],"yoast_head":"<!-- This site is optimized with the Yoast SEO plugin v27.1.1 - https:\/\/yoast.com\/product\/yoast-seo-wordpress\/ -->\n<title>Portes ouvertes 2022 - Sacr\u00e9 Coeur Eugies<\/title>\n<meta name=\"robots\" content=\"index, follow, max-snippet:-1, max-image-preview:large, max-video-preview:-1\" \/>\n<link rel=\"canonical\" href=\"https:\/\/www.sacrecoeureugies.be\/sacrecoeureugies\/2022\/05\/28\/portes-ouvertes-2022\/\" \/>\n<meta property=\"og:locale\" content=\"fr_FR\" \/>\n<meta property=\"og:type\" content=\"article\" \/>\n<meta property=\"og:title\" content=\"Portes ouvertes 2022 - Sacr\u00e9 Coeur Eugies\" \/>\n<meta property=\"og:description\" content=\"Venez nous rencontrer le 3 juin 2022 de 16h \u00e0 19h30. Visite des locaux et rencontre avec les enseignants. \u00a0 &nbsp;\" \/>\n<meta property=\"og:url\" content=\"https:\/\/www.sacrecoeureugies.be\/sacrecoeureugies\/2022\/05\/28\/portes-ouvertes-2022\/\" \/>\n<meta property=\"og:site_name\" content=\"Sacr\u00e9 Coeur Eugies\" \/>\n<meta property=\"article:publisher\" content=\"https:\/\/www.facebook.com\/ecolelibresacrecoeureugies\" \/>\n<meta property=\"article:published_time\" content=\"2022-05-28T09:48:25+00:00\" \/>\n<meta property=\"article:modified_time\" content=\"2022-05-28T10:30:42+00:00\" \/>\n<meta property=\"og:image\" content=\"https:\/\/www.sacrecoeureugies.be\/sacrecoeureugies\/wp-content\/uploads\/2022\/05\/Screenshot_20220528_112824.jpg\" \/>\n\t<meta property=\"og:image:width\" content=\"1080\" \/>\n\t<meta property=\"og:image:height\" content=\"787\" \/>\n\t<meta property=\"og:image:type\" content=\"image\/jpeg\" \/>\n<meta name=\"author\" content=\"Anne-Catherine Witsel\" \/>\n<meta name=\"twitter:card\" content=\"summary_large_image\" \/>\n<meta name=\"twitter:label1\" content=\"\u00c9crit par\" \/>\n\t<meta name=\"twitter:data1\" content=\"Anne-Catherine Witsel\" \/>\n\t<meta name=\"twitter:label2\" content=\"Dur\u00e9e de lecture estim\u00e9e\" \/>\n\t<meta name=\"twitter:data2\" content=\"1 minute\" \/>\n<script type=\"application\/ld+json\" class=\"yoast-schema-graph\">{\"@context\":\"https:\/\/schema.org\",\"@graph\":[{\"@type\":\"Article\",\"@id\":\"https:\/\/www.sacrecoeureugies.be\/sacrecoeureugies\/2022\/05\/28\/portes-ouvertes-2022\/#article\",\"isPartOf\":{\"@id\":\"https:\/\/www.sacrecoeureugies.be\/sacrecoeureugies\/2022\/05\/28\/portes-ouvertes-2022\/\"},\"author\":{\"name\":\"Anne-Catherine Witsel\",\"@id\":\"https:\/\/www.sacrecoeureugies.be\/sacrecoeureugies\/#\/schema\/person\/ae8233fcb3bf5563edb64ee24a95488f\"},\"headline\":\"Portes ouvertes 2022\",\"datePublished\":\"2022-05-28T09:48:25+00:00\",\"dateModified\":\"2022-05-28T10:30:42+00:00\",\"mainEntityOfPage\":{\"@id\":\"https:\/\/www.sacrecoeureugies.be\/sacrecoeureugies\/2022\/05\/28\/portes-ouvertes-2022\/\"},\"wordCount\":19,\"publisher\":{\"@id\":\"https:\/\/www.sacrecoeureugies.be\/sacrecoeureugies\/#organization\"},\"image\":{\"@id\":\"https:\/\/www.sacrecoeureugies.be\/sacrecoeureugies\/2022\/05\/28\/portes-ouvertes-2022\/#primaryimage\"},\"thumbnailUrl\":\"https:\/\/www.sacrecoeureugies.be\/sacrecoeureugies\/wp-content\/uploads\/2022\/05\/Screenshot_20220528_112824.jpg\",\"articleSection\":[\"Vie de l'\u00e9cole\"],\"inLanguage\":\"fr-FR\"},{\"@type\":\"WebPage\",\"@id\":\"https:\/\/www.sacrecoeureugies.be\/sacrecoeureugies\/2022\/05\/28\/portes-ouvertes-2022\/\",\"url\":\"https:\/\/www.sacrecoeureugies.be\/sacrecoeureugies\/2022\/05\/28\/portes-ouvertes-2022\/\",\"name\":\"Portes ouvertes 2022 - Sacr\u00e9 Coeur Eugies\",\"isPartOf\":{\"@id\":\"https:\/\/www.sacrecoeureugies.be\/sacrecoeureugies\/#website\"},\"primaryImageOfPage\":{\"@id\":\"https:\/\/www.sacrecoeureugies.be\/sacrecoeureugies\/2022\/05\/28\/portes-ouvertes-2022\/#primaryimage\"},\"image\":{\"@id\":\"https:\/\/www.sacrecoeureugies.be\/sacrecoeureugies\/2022\/05\/28\/portes-ouvertes-2022\/#primaryimage\"},\"thumbnailUrl\":\"https:\/\/www.sacrecoeureugies.be\/sacrecoeureugies\/wp-content\/uploads\/2022\/05\/Screenshot_20220528_112824.jpg\",\"datePublished\":\"2022-05-28T09:48:25+00:00\",\"dateModified\":\"2022-05-28T10:30:42+00:00\",\"breadcrumb\":{\"@id\":\"https:\/\/www.sacrecoeureugies.be\/sacrecoeureugies\/2022\/05\/28\/portes-ouvertes-2022\/#breadcrumb\"},\"inLanguage\":\"fr-FR\",\"potentialAction\":[{\"@type\":\"ReadAction\",\"target\":[\"https:\/\/www.sacrecoeureugies.be\/sacrecoeureugies\/2022\/05\/28\/portes-ouvertes-2022\/\"]}]},{\"@type\":\"ImageObject\",\"inLanguage\":\"fr-FR\",\"@id\":\"https:\/\/www.sacrecoeureugies.be\/sacrecoeureugies\/2022\/05\/28\/portes-ouvertes-2022\/#primaryimage\",\"url\":\"https:\/\/www.sacrecoeureugies.be\/sacrecoeureugies\/wp-content\/uploads\/2022\/05\/Screenshot_20220528_112824.jpg\",\"contentUrl\":\"https:\/\/www.sacrecoeureugies.be\/sacrecoeureugies\/wp-content\/uploads\/2022\/05\/Screenshot_20220528_112824.jpg\",\"width\":1080,\"height\":787},{\"@type\":\"BreadcrumbList\",\"@id\":\"https:\/\/www.sacrecoeureugies.be\/sacrecoeureugies\/2022\/05\/28\/portes-ouvertes-2022\/#breadcrumb\",\"itemListElement\":[{\"@type\":\"ListItem\",\"position\":1,\"name\":\"Accueil\",\"item\":\"https:\/\/www.sacrecoeureugies.be\/sacrecoeureugies\/\"},{\"@type\":\"ListItem\",\"position\":2,\"name\":\"Portes ouvertes 2022\"}]},{\"@type\":\"WebSite\",\"@id\":\"https:\/\/www.sacrecoeureugies.be\/sacrecoeureugies\/#website\",\"url\":\"https:\/\/www.sacrecoeureugies.be\/sacrecoeureugies\/\",\"name\":\"Sacr\u00e9 Coeur Eugies\",\"description\":\"Site officel\",\"publisher\":{\"@id\":\"https:\/\/www.sacrecoeureugies.be\/sacrecoeureugies\/#organization\"},\"potentialAction\":[{\"@type\":\"SearchAction\",\"target\":{\"@type\":\"EntryPoint\",\"urlTemplate\":\"https:\/\/www.sacrecoeureugies.be\/sacrecoeureugies\/?s={search_term_string}\"},\"query-input\":{\"@type\":\"PropertyValueSpecification\",\"valueRequired\":true,\"valueName\":\"search_term_string\"}}],\"inLanguage\":\"fr-FR\"},{\"@type\":\"Organization\",\"@id\":\"https:\/\/www.sacrecoeureugies.be\/sacrecoeureugies\/#organization\",\"name\":\"Sacr\u00e9 Coeur Eugies\",\"url\":\"https:\/\/www.sacrecoeureugies.be\/sacrecoeureugies\/\",\"logo\":{\"@type\":\"ImageObject\",\"inLanguage\":\"fr-FR\",\"@id\":\"https:\/\/www.sacrecoeureugies.be\/sacrecoeureugies\/#\/schema\/logo\/image\/\",\"url\":\"https:\/\/www.sacrecoeureugies.be\/sacrecoeureugies\/wp-content\/uploads\/2020\/03\/LogoSiteEugiesNsmall.png\",\"contentUrl\":\"https:\/\/www.sacrecoeureugies.be\/sacrecoeureugies\/wp-content\/uploads\/2020\/03\/LogoSiteEugiesNsmall.png\",\"width\":440,\"height\":138,\"caption\":\"Sacr\u00e9 Coeur Eugies\"},\"image\":{\"@id\":\"https:\/\/www.sacrecoeureugies.be\/sacrecoeureugies\/#\/schema\/logo\/image\/\"},\"sameAs\":[\"https:\/\/www.facebook.com\/ecolelibresacrecoeureugies\"]},{\"@type\":\"Person\",\"@id\":\"https:\/\/www.sacrecoeureugies.be\/sacrecoeureugies\/#\/schema\/person\/ae8233fcb3bf5563edb64ee24a95488f\",\"name\":\"Anne-Catherine Witsel\",\"image\":{\"@type\":\"ImageObject\",\"inLanguage\":\"fr-FR\",\"@id\":\"https:\/\/www.sacrecoeureugies.be\/sacrecoeureugies\/#\/schema\/person\/image\/\",\"url\":\"https:\/\/secure.gravatar.com\/avatar\/c7f286c179c43f0b0c9567144f5d95c9e054d11369d1cd4820f84b89103647c3?s=96&d=mm&r=g\",\"contentUrl\":\"https:\/\/secure.gravatar.com\/avatar\/c7f286c179c43f0b0c9567144f5d95c9e054d11369d1cd4820f84b89103647c3?s=96&d=mm&r=g\",\"caption\":\"Anne-Catherine Witsel\"},\"url\":\"https:\/\/www.sacrecoeureugies.be\/sacrecoeureugies\/author\/annecatherine-witsel\/\"}]}<\/script>\n<!-- \/ Yoast SEO plugin. -->","yoast_head_json":{"title":"Portes ouvertes 2022 - Sacr\u00e9 Coeur Eugies","robots":{"index":"index","follow":"follow","max-snippet":"max-snippet:-1","max-image-preview":"max-image-preview:large","max-video-preview":"max-video-preview:-1"},"canonical":"https:\/\/www.sacrecoeureugies.be\/sacrecoeureugies\/2022\/05\/28\/portes-ouvertes-2022\/","og_locale":"fr_FR","og_type":"article","og_title":"Portes ouvertes 2022 - Sacr\u00e9 Coeur Eugies","og_description":"Venez nous rencontrer le 3 juin 2022 de 16h \u00e0 19h30. Visite des locaux et rencontre avec les enseignants. \u00a0 &nbsp;","og_url":"https:\/\/www.sacrecoeureugies.be\/sacrecoeureugies\/2022\/05\/28\/portes-ouvertes-2022\/","og_site_name":"Sacr\u00e9 Coeur Eugies","article_publisher":"https:\/\/www.facebook.com\/ecolelibresacrecoeureugies","article_published_time":"2022-05-28T09:48:25+00:00","article_modified_time":"2022-05-28T10:30:42+00:00","og_image":[{"width":1080,"height":787,"url":"https:\/\/www.sacrecoeureugies.be\/sacrecoeureugies\/wp-content\/uploads\/2022\/05\/Screenshot_20220528_112824.jpg","type":"image\/jpeg"}],"author":"Anne-Catherine Witsel","twitter_card":"summary_large_image","twitter_misc":{"\u00c9crit par":"Anne-Catherine Witsel","Dur\u00e9e de lecture estim\u00e9e":"1 minute"},"schema":{"@context":"https:\/\/schema.org","@graph":[{"@type":"Article","@id":"https:\/\/www.sacrecoeureugies.be\/sacrecoeureugies\/2022\/05\/28\/portes-ouvertes-2022\/#article","isPartOf":{"@id":"https:\/\/www.sacrecoeureugies.be\/sacrecoeureugies\/2022\/05\/28\/portes-ouvertes-2022\/"},"author":{"name":"Anne-Catherine Witsel","@id":"https:\/\/www.sacrecoeureugies.be\/sacrecoeureugies\/#\/schema\/person\/ae8233fcb3bf5563edb64ee24a95488f"},"headline":"Portes ouvertes 2022","datePublished":"2022-05-28T09:48:25+00:00","dateModified":"2022-05-28T10:30:42+00:00","mainEntityOfPage":{"@id":"https:\/\/www.sacrecoeureugies.be\/sacrecoeureugies\/2022\/05\/28\/portes-ouvertes-2022\/"},"wordCount":19,"publisher":{"@id":"https:\/\/www.sacrecoeureugies.be\/sacrecoeureugies\/#organization"},"image":{"@id":"https:\/\/www.sacrecoeureugies.be\/sacrecoeureugies\/2022\/05\/28\/portes-ouvertes-2022\/#primaryimage"},"thumbnailUrl":"https:\/\/www.sacrecoeureugies.be\/sacrecoeureugies\/wp-content\/uploads\/2022\/05\/Screenshot_20220528_112824.jpg","articleSection":["Vie de l'\u00e9cole"],"inLanguage":"fr-FR"},{"@type":"WebPage","@id":"https:\/\/www.sacrecoeureugies.be\/sacrecoeureugies\/2022\/05\/28\/portes-ouvertes-2022\/","url":"https:\/\/www.sacrecoeureugies.be\/sacrecoeureugies\/2022\/05\/28\/portes-ouvertes-2022\/","name":"Portes ouvertes 2022 - Sacr\u00e9 Coeur Eugies","isPartOf":{"@id":"https:\/\/www.sacrecoeureugies.be\/sacrecoeureugies\/#website"},"primaryImageOfPage":{"@id":"https:\/\/www.sacrecoeureugies.be\/sacrecoeureugies\/2022\/05\/28\/portes-ouvertes-2022\/#primaryimage"},"image":{"@id":"https:\/\/www.sacrecoeureugies.be\/sacrecoeureugies\/2022\/05\/28\/portes-ouvertes-2022\/#primaryimage"},"thumbnailUrl":"https:\/\/www.sacrecoeureugies.be\/sacrecoeureugies\/wp-content\/uploads\/2022\/05\/Screenshot_20220528_112824.jpg","datePublished":"2022-05-28T09:48:25+00:00","dateModified":"2022-05-28T10:30:42+00:00","breadcrumb":{"@id":"https:\/\/www.sacrecoeureugies.be\/sacrecoeureugies\/2022\/05\/28\/portes-ouvertes-2022\/#breadcrumb"},"inLanguage":"fr-FR","potentialAction":[{"@type":"ReadAction","target":["https:\/\/www.sacrecoeureugies.be\/sacrecoeureugies\/2022\/05\/28\/portes-ouvertes-2022\/"]}]},{"@type":"ImageObject","inLanguage":"fr-FR","@id":"https:\/\/www.sacrecoeureugies.be\/sacrecoeureugies\/2022\/05\/28\/portes-ouvertes-2022\/#primaryimage","url":"https:\/\/www.sacrecoeureugies.be\/sacrecoeureugies\/wp-content\/uploads\/2022\/05\/Screenshot_20220528_112824.jpg","contentUrl":"https:\/\/www.sacrecoeureugies.be\/sacrecoeureugies\/wp-content\/uploads\/2022\/05\/Screenshot_20220528_112824.jpg","width":1080,"height":787},{"@type":"BreadcrumbList","@id":"https:\/\/www.sacrecoeureugies.be\/sacrecoeureugies\/2022\/05\/28\/portes-ouvertes-2022\/#breadcrumb","itemListElement":[{"@type":"ListItem","position":1,"name":"Accueil","item":"https:\/\/www.sacrecoeureugies.be\/sacrecoeureugies\/"},{"@type":"ListItem","position":2,"name":"Portes ouvertes 2022"}]},{"@type":"WebSite","@id":"https:\/\/www.sacrecoeureugies.be\/sacrecoeureugies\/#website","url":"https:\/\/www.sacrecoeureugies.be\/sacrecoeureugies\/","name":"Sacr\u00e9 Coeur Eugies","description":"Site officel","publisher":{"@id":"https:\/\/www.sacrecoeureugies.be\/sacrecoeureugies\/#organization"},"potentialAction":[{"@type":"SearchAction","target":{"@type":"EntryPoint","urlTemplate":"https:\/\/www.sacrecoeureugies.be\/sacrecoeureugies\/?s={search_term_string}"},"query-input":{"@type":"PropertyValueSpecification","valueRequired":true,"valueName":"search_term_string"}}],"inLanguage":"fr-FR"},{"@type":"Organization","@id":"https:\/\/www.sacrecoeureugies.be\/sacrecoeureugies\/#organization","name":"Sacr\u00e9 Coeur Eugies","url":"https:\/\/www.sacrecoeureugies.be\/sacrecoeureugies\/","logo":{"@type":"ImageObject","inLanguage":"fr-FR","@id":"https:\/\/www.sacrecoeureugies.be\/sacrecoeureugies\/#\/schema\/logo\/image\/","url":"https:\/\/www.sacrecoeureugies.be\/sacrecoeureugies\/wp-content\/uploads\/2020\/03\/LogoSiteEugiesNsmall.png","contentUrl":"https:\/\/www.sacrecoeureugies.be\/sacrecoeureugies\/wp-content\/uploads\/2020\/03\/LogoSiteEugiesNsmall.png","width":440,"height":138,"caption":"Sacr\u00e9 Coeur Eugies"},"image":{"@id":"https:\/\/www.sacrecoeureugies.be\/sacrecoeureugies\/#\/schema\/logo\/image\/"},"sameAs":["https:\/\/www.facebook.com\/ecolelibresacrecoeureugies"]},{"@type":"Person","@id":"https:\/\/www.sacrecoeureugies.be\/sacrecoeureugies\/#\/schema\/person\/ae8233fcb3bf5563edb64ee24a95488f","name":"Anne-Catherine Witsel","image":{"@type":"ImageObject","inLanguage":"fr-FR","@id":"https:\/\/www.sacrecoeureugies.be\/sacrecoeureugies\/#\/schema\/person\/image\/","url":"https:\/\/secure.gravatar.com\/avatar\/c7f286c179c43f0b0c9567144f5d95c9e054d11369d1cd4820f84b89103647c3?s=96&d=mm&r=g","contentUrl":"https:\/\/secure.gravatar.com\/avatar\/c7f286c179c43f0b0c9567144f5d95c9e054d11369d1cd4820f84b89103647c3?s=96&d=mm&r=g","caption":"Anne-Catherine Witsel"},"url":"https:\/\/www.sacrecoeureugies.be\/sacrecoeureugies\/author\/annecatherine-witsel\/"}]}},"_links":{"self":[{"href":"https:\/\/www.sacrecoeureugies.be\/sacrecoeureugies\/wp-json\/wp\/v2\/posts\/6646","targetHints":{"allow":["GET"]}}],"collection":[{"href":"https:\/\/www.sacrecoeureugies.be\/sacrecoeureugies\/wp-json\/wp\/v2\/posts"}],"about":[{"href":"https:\/\/www.sacrecoeureugies.be\/sacrecoeureugies\/wp-json\/wp\/v2\/types\/post"}],"author":[{"embeddable":true,"href":"https:\/\/www.sacrecoeureugies.be\/sacrecoeureugies\/wp-json\/wp\/v2\/users\/3"}],"replies":[{"embeddable":true,"href":"https:\/\/www.sacrecoeureugies.be\/sacrecoeureugies\/wp-json\/wp\/v2\/comments?post=6646"}],"version-history":[{"count":5,"href":"https:\/\/www.sacrecoeureugies.be\/sacrecoeureugies\/wp-json\/wp\/v2\/posts\/6646\/revisions"}],"predecessor-version":[{"id":6657,"href":"https:\/\/www.sacrecoeureugies.be\/sacrecoeureugies\/wp-json\/wp\/v2\/posts\/6646\/revisions\/6657"}],"wp:featuredmedia":[{"embeddable":true,"href":"https:\/\/www.sacrecoeureugies.be\/sacrecoeureugies\/wp-json\/wp\/v2\/media\/6640"}],"wp:attachment":[{"href":"https:\/\/www.sacrecoeureugies.be\/sacrecoeureugies\/wp-json\/wp\/v2\/media?parent=6646"}],"wp:term":[{"taxonomy":"category","embeddable":true,"href":"https:\/\/www.sacrecoeureugies.be\/sacrecoeureugies\/wp-json\/wp\/v2\/categories?post=6646"},{"taxonomy":"post_tag","embeddable":true,"href":"https:\/\/www.sacrecoeureugies.be\/sacrecoeureugies\/wp-json\/wp\/v2\/tags?post=6646"}],"curies":[{"name":"wp","href":"https:\/\/api.w.org\/{rel}","templated":true}]}}