{"id":6661,"date":"2022-05-29T13:04:01","date_gmt":"2022-05-29T13:04:01","guid":{"rendered":"https:\/\/www.sacrecoeureugies.be\/sacrecoeureugies\/?p=6661"},"modified":"2022-05-29T13:08:18","modified_gmt":"2022-05-29T13:08:18","slug":"fete-scolaire-2022","status":"publish","type":"post","link":"https:\/\/www.sacrecoeureugies.be\/sacrecoeureugies\/2022\/05\/29\/fete-scolaire-2022\/","title":{"rendered":"F\u00eate scolaire 2022"},"content":{"rendered":"<p><img loading=\"lazy\" decoding=\"async\" class=\"alignnone size-medium wp-image-6662 alignright\" src=\"https:\/\/www.sacrecoeureugies.be\/sacrecoeureugies\/wp-content\/uploads\/2022\/05\/FB_IMG_1653828735819-300x225.jpg\" alt=\"\" width=\"300\" height=\"225\" srcset=\"https:\/\/www.sacrecoeureugies.be\/sacrecoeureugies\/wp-content\/uploads\/2022\/05\/FB_IMG_1653828735819-300x225.jpg 300w, https:\/\/www.sacrecoeureugies.be\/sacrecoeureugies\/wp-content\/uploads\/2022\/05\/FB_IMG_1653828735819-1024x768.jpg 1024w, https:\/\/www.sacrecoeureugies.be\/sacrecoeureugies\/wp-content\/uploads\/2022\/05\/FB_IMG_1653828735819-768x576.jpg 768w, https:\/\/www.sacrecoeureugies.be\/sacrecoeureugies\/wp-content\/uploads\/2022\/05\/FB_IMG_1653828735819.jpg 1080w\" sizes=\"auto, (max-width: 300px) 100vw, 300px\" \/><\/p>\n<p><img loading=\"lazy\" decoding=\"async\" class=\"alignnone size-medium wp-image-6663\" src=\"https:\/\/www.sacrecoeureugies.be\/sacrecoeureugies\/wp-content\/uploads\/2022\/05\/FB_IMG_1653828739213-300x225.jpg\" alt=\"\" width=\"300\" height=\"225\" srcset=\"https:\/\/www.sacrecoeureugies.be\/sacrecoeureugies\/wp-content\/uploads\/2022\/05\/FB_IMG_1653828739213-300x225.jpg 300w, https:\/\/www.sacrecoeureugies.be\/sacrecoeureugies\/wp-content\/uploads\/2022\/05\/FB_IMG_1653828739213-1024x768.jpg 1024w, https:\/\/www.sacrecoeureugies.be\/sacrecoeureugies\/wp-content\/uploads\/2022\/05\/FB_IMG_1653828739213-768x576.jpg 768w, https:\/\/www.sacrecoeureugies.be\/sacrecoeureugies\/wp-content\/uploads\/2022\/05\/FB_IMG_1653828739213.jpg 1080w\" sizes=\"auto, (max-width: 300px) 100vw, 300px\" \/><\/p>\n<p><img loading=\"lazy\" decoding=\"async\" class=\"alignnone size-medium wp-image-6676\" src=\"https:\/\/www.sacrecoeureugies.be\/sacrecoeureugies\/wp-content\/uploads\/2022\/05\/IMG_20220529_145630-1-300x168.jpg\" alt=\"\" width=\"300\" height=\"168\" srcset=\"https:\/\/www.sacrecoeureugies.be\/sacrecoeureugies\/wp-content\/uploads\/2022\/05\/IMG_20220529_145630-1-300x168.jpg 300w, https:\/\/www.sacrecoeureugies.be\/sacrecoeureugies\/wp-content\/uploads\/2022\/05\/IMG_20220529_145630-1.jpg 720w\" sizes=\"auto, (max-width: 300px) 100vw, 300px\" \/><\/p>\n<p><img loading=\"lazy\" decoding=\"async\" class=\"alignnone size-medium wp-image-6677\" src=\"https:\/\/www.sacrecoeureugies.be\/sacrecoeureugies\/wp-content\/uploads\/2022\/05\/IMG_20220529_145901-1-266x300.jpg\" alt=\"\" width=\"266\" height=\"300\" srcset=\"https:\/\/www.sacrecoeureugies.be\/sacrecoeureugies\/wp-content\/uploads\/2022\/05\/IMG_20220529_145901-1-266x300.jpg 266w, https:\/\/www.sacrecoeureugies.be\/sacrecoeureugies\/wp-content\/uploads\/2022\/05\/IMG_20220529_145901-1-909x1024.jpg 909w, https:\/\/www.sacrecoeureugies.be\/sacrecoeureugies\/wp-content\/uploads\/2022\/05\/IMG_20220529_145901-1-768x866.jpg 768w, https:\/\/www.sacrecoeureugies.be\/sacrecoeureugies\/wp-content\/uploads\/2022\/05\/IMG_20220529_145901-1.jpg 944w\" sizes=\"auto, (max-width: 266px) 100vw, 266px\" \/><\/p>\n<p><img loading=\"lazy\" decoding=\"async\" class=\"alignnone size-medium wp-image-6666\" src=\"https:\/\/www.sacrecoeureugies.be\/sacrecoeureugies\/wp-content\/uploads\/2022\/05\/FB_IMG_1653828746838-300x184.jpg\" alt=\"\" width=\"300\" height=\"184\" srcset=\"https:\/\/www.sacrecoeureugies.be\/sacrecoeureugies\/wp-content\/uploads\/2022\/05\/FB_IMG_1653828746838-300x184.jpg 300w, https:\/\/www.sacrecoeureugies.be\/sacrecoeureugies\/wp-content\/uploads\/2022\/05\/FB_IMG_1653828746838-1024x628.jpg 1024w, https:\/\/www.sacrecoeureugies.be\/sacrecoeureugies\/wp-content\/uploads\/2022\/05\/FB_IMG_1653828746838-768x471.jpg 768w, https:\/\/www.sacrecoeureugies.be\/sacrecoeureugies\/wp-content\/uploads\/2022\/05\/FB_IMG_1653828746838-700x430.jpg 700w, https:\/\/www.sacrecoeureugies.be\/sacrecoeureugies\/wp-content\/uploads\/2022\/05\/FB_IMG_1653828746838.jpg 1080w\" sizes=\"auto, (max-width: 300px) 100vw, 300px\" \/> <img loading=\"lazy\" decoding=\"async\" class=\"alignnone size-medium wp-image-6667\" src=\"https:\/\/www.sacrecoeureugies.be\/sacrecoeureugies\/wp-content\/uploads\/2022\/05\/FB_IMG_1653828749244-300x130.jpg\" alt=\"\" width=\"300\" height=\"130\" srcset=\"https:\/\/www.sacrecoeureugies.be\/sacrecoeureugies\/wp-content\/uploads\/2022\/05\/FB_IMG_1653828749244-300x130.jpg 300w, https:\/\/www.sacrecoeureugies.be\/sacrecoeureugies\/wp-content\/uploads\/2022\/05\/FB_IMG_1653828749244-1024x443.jpg 1024w, https:\/\/www.sacrecoeureugies.be\/sacrecoeureugies\/wp-content\/uploads\/2022\/05\/FB_IMG_1653828749244-768x332.jpg 768w, https:\/\/www.sacrecoeureugies.be\/sacrecoeureugies\/wp-content\/uploads\/2022\/05\/FB_IMG_1653828749244.jpg 1080w\" sizes=\"auto, (max-width: 300px) 100vw, 300px\" \/> <img loading=\"lazy\" decoding=\"async\" class=\"alignnone size-medium wp-image-6668\" src=\"https:\/\/www.sacrecoeureugies.be\/sacrecoeureugies\/wp-content\/uploads\/2022\/05\/FB_IMG_1653828751557-300x172.jpg\" alt=\"\" width=\"300\" height=\"172\" srcset=\"https:\/\/www.sacrecoeureugies.be\/sacrecoeureugies\/wp-content\/uploads\/2022\/05\/FB_IMG_1653828751557-300x172.jpg 300w, https:\/\/www.sacrecoeureugies.be\/sacrecoeureugies\/wp-content\/uploads\/2022\/05\/FB_IMG_1653828751557-1024x587.jpg 1024w, https:\/\/www.sacrecoeureugies.be\/sacrecoeureugies\/wp-content\/uploads\/2022\/05\/FB_IMG_1653828751557-768x440.jpg 768w, https:\/\/www.sacrecoeureugies.be\/sacrecoeureugies\/wp-content\/uploads\/2022\/05\/FB_IMG_1653828751557.jpg 1080w\" sizes=\"auto, (max-width: 300px) 100vw, 300px\" \/> <img loading=\"lazy\" decoding=\"async\" class=\"alignnone size-medium wp-image-6669\" src=\"https:\/\/www.sacrecoeureugies.be\/sacrecoeureugies\/wp-content\/uploads\/2022\/05\/FB_IMG_1653828754114-300x169.jpg\" alt=\"\" width=\"300\" height=\"169\" srcset=\"https:\/\/www.sacrecoeureugies.be\/sacrecoeureugies\/wp-content\/uploads\/2022\/05\/FB_IMG_1653828754114-300x169.jpg 300w, https:\/\/www.sacrecoeureugies.be\/sacrecoeureugies\/wp-content\/uploads\/2022\/05\/FB_IMG_1653828754114-768x432.jpg 768w, https:\/\/www.sacrecoeureugies.be\/sacrecoeureugies\/wp-content\/uploads\/2022\/05\/FB_IMG_1653828754114.jpg 828w\" sizes=\"auto, (max-width: 300px) 100vw, 300px\" \/> <img loading=\"lazy\" decoding=\"async\" class=\"alignnone size-medium wp-image-6670\" src=\"https:\/\/www.sacrecoeureugies.be\/sacrecoeureugies\/wp-content\/uploads\/2022\/05\/FB_IMG_1653828756641-300x135.jpg\" alt=\"\" width=\"300\" height=\"135\" srcset=\"https:\/\/www.sacrecoeureugies.be\/sacrecoeureugies\/wp-content\/uploads\/2022\/05\/FB_IMG_1653828756641-300x135.jpg 300w, https:\/\/www.sacrecoeureugies.be\/sacrecoeureugies\/wp-content\/uploads\/2022\/05\/FB_IMG_1653828756641-1024x461.jpg 1024w, https:\/\/www.sacrecoeureugies.be\/sacrecoeureugies\/wp-content\/uploads\/2022\/05\/FB_IMG_1653828756641-768x346.jpg 768w, https:\/\/www.sacrecoeureugies.be\/sacrecoeureugies\/wp-content\/uploads\/2022\/05\/FB_IMG_1653828756641.jpg 1080w\" sizes=\"auto, (max-width: 300px) 100vw, 300px\" \/> <img loading=\"lazy\" decoding=\"async\" class=\"alignnone size-medium wp-image-6671\" src=\"https:\/\/www.sacrecoeureugies.be\/sacrecoeureugies\/wp-content\/uploads\/2022\/05\/FB_IMG_1653828759086-300x135.jpg\" alt=\"\" width=\"300\" height=\"135\" srcset=\"https:\/\/www.sacrecoeureugies.be\/sacrecoeureugies\/wp-content\/uploads\/2022\/05\/FB_IMG_1653828759086-300x135.jpg 300w, https:\/\/www.sacrecoeureugies.be\/sacrecoeureugies\/wp-content\/uploads\/2022\/05\/FB_IMG_1653828759086-1024x461.jpg 1024w, https:\/\/www.sacrecoeureugies.be\/sacrecoeureugies\/wp-content\/uploads\/2022\/05\/FB_IMG_1653828759086-768x346.jpg 768w, https:\/\/www.sacrecoeureugies.be\/sacrecoeureugies\/wp-content\/uploads\/2022\/05\/FB_IMG_1653828759086.jpg 1080w\" sizes=\"auto, (max-width: 300px) 100vw, 300px\" \/> <img loading=\"lazy\" decoding=\"async\" class=\"alignnone size-medium wp-image-6672\" src=\"https:\/\/www.sacrecoeureugies.be\/sacrecoeureugies\/wp-content\/uploads\/2022\/05\/Screenshot_20220529_131411-300x175.jpg\" alt=\"\" width=\"300\" height=\"175\" srcset=\"https:\/\/www.sacrecoeureugies.be\/sacrecoeureugies\/wp-content\/uploads\/2022\/05\/Screenshot_20220529_131411-300x175.jpg 300w, https:\/\/www.sacrecoeureugies.be\/sacrecoeureugies\/wp-content\/uploads\/2022\/05\/Screenshot_20220529_131411-1024x597.jpg 1024w, https:\/\/www.sacrecoeureugies.be\/sacrecoeureugies\/wp-content\/uploads\/2022\/05\/Screenshot_20220529_131411-768x448.jpg 768w, https:\/\/www.sacrecoeureugies.be\/sacrecoeureugies\/wp-content\/uploads\/2022\/05\/Screenshot_20220529_131411.jpg 1080w\" sizes=\"auto, (max-width: 300px) 100vw, 300px\" \/><\/p>\n<p>Un grand merci \u00e0 tous pour cette merveilleuse journ\u00e9e !<\/p>\n","protected":false},"excerpt":{"rendered":"<p>Un grand merci \u00e0 tous pour cette merveilleuse journ\u00e9e !<\/p>\n","protected":false},"author":5,"featured_media":6662,"comment_status":"closed","ping_status":"closed","sticky":false,"template":"","format":"standard","meta":{"footnotes":""},"categories":[1],"tags":[],"class_list":["post-6661","post","type-post","status-publish","format-standard","has-post-thumbnail","hentry","category-uncategorized"],"yoast_head":"<!-- This site is optimized with the Yoast SEO plugin v27.1.1 - https:\/\/yoast.com\/product\/yoast-seo-wordpress\/ -->\n<title>F\u00eate scolaire 2022 - Sacr\u00e9 Coeur Eugies<\/title>\n<meta name=\"robots\" content=\"index, follow, max-snippet:-1, max-image-preview:large, max-video-preview:-1\" \/>\n<link rel=\"canonical\" href=\"https:\/\/www.sacrecoeureugies.be\/sacrecoeureugies\/2022\/05\/29\/fete-scolaire-2022\/\" \/>\n<meta property=\"og:locale\" content=\"fr_FR\" \/>\n<meta property=\"og:type\" content=\"article\" \/>\n<meta property=\"og:title\" content=\"F\u00eate scolaire 2022 - Sacr\u00e9 Coeur Eugies\" \/>\n<meta property=\"og:description\" content=\"Un grand merci \u00e0 tous pour cette merveilleuse journ\u00e9e !\" \/>\n<meta property=\"og:url\" content=\"https:\/\/www.sacrecoeureugies.be\/sacrecoeureugies\/2022\/05\/29\/fete-scolaire-2022\/\" \/>\n<meta property=\"og:site_name\" content=\"Sacr\u00e9 Coeur Eugies\" \/>\n<meta property=\"article:publisher\" content=\"https:\/\/www.facebook.com\/ecolelibresacrecoeureugies\" \/>\n<meta property=\"article:published_time\" content=\"2022-05-29T13:04:01+00:00\" \/>\n<meta property=\"article:modified_time\" content=\"2022-05-29T13:08:18+00:00\" \/>\n<meta property=\"og:image\" content=\"https:\/\/www.sacrecoeureugies.be\/sacrecoeureugies\/wp-content\/uploads\/2022\/05\/FB_IMG_1653828735819.jpg\" \/>\n\t<meta property=\"og:image:width\" content=\"1080\" \/>\n\t<meta property=\"og:image:height\" content=\"810\" \/>\n\t<meta property=\"og:image:type\" content=\"image\/jpeg\" \/>\n<meta name=\"author\" content=\"elise.jonniaux\" \/>\n<meta name=\"twitter:card\" content=\"summary_large_image\" \/>\n<meta name=\"twitter:label1\" content=\"\u00c9crit par\" \/>\n\t<meta name=\"twitter:data1\" content=\"elise.jonniaux\" \/>\n\t<meta name=\"twitter:label2\" content=\"Dur\u00e9e de lecture estim\u00e9e\" \/>\n\t<meta name=\"twitter:data2\" content=\"3 minutes\" \/>\n<script type=\"application\/ld+json\" class=\"yoast-schema-graph\">{\"@context\":\"https:\/\/schema.org\",\"@graph\":[{\"@type\":\"Article\",\"@id\":\"https:\/\/www.sacrecoeureugies.be\/sacrecoeureugies\/2022\/05\/29\/fete-scolaire-2022\/#article\",\"isPartOf\":{\"@id\":\"https:\/\/www.sacrecoeureugies.be\/sacrecoeureugies\/2022\/05\/29\/fete-scolaire-2022\/\"},\"author\":{\"name\":\"elise.jonniaux\",\"@id\":\"https:\/\/www.sacrecoeureugies.be\/sacrecoeureugies\/#\/schema\/person\/0f5143ad016b42edd00ab40ba9641d03\"},\"headline\":\"F\u00eate scolaire 2022\",\"datePublished\":\"2022-05-29T13:04:01+00:00\",\"dateModified\":\"2022-05-29T13:08:18+00:00\",\"mainEntityOfPage\":{\"@id\":\"https:\/\/www.sacrecoeureugies.be\/sacrecoeureugies\/2022\/05\/29\/fete-scolaire-2022\/\"},\"wordCount\":12,\"publisher\":{\"@id\":\"https:\/\/www.sacrecoeureugies.be\/sacrecoeureugies\/#organization\"},\"image\":{\"@id\":\"https:\/\/www.sacrecoeureugies.be\/sacrecoeureugies\/2022\/05\/29\/fete-scolaire-2022\/#primaryimage\"},\"thumbnailUrl\":\"https:\/\/www.sacrecoeureugies.be\/sacrecoeureugies\/wp-content\/uploads\/2022\/05\/FB_IMG_1653828735819.jpg\",\"articleSection\":[\"Uncategorized\"],\"inLanguage\":\"fr-FR\"},{\"@type\":\"WebPage\",\"@id\":\"https:\/\/www.sacrecoeureugies.be\/sacrecoeureugies\/2022\/05\/29\/fete-scolaire-2022\/\",\"url\":\"https:\/\/www.sacrecoeureugies.be\/sacrecoeureugies\/2022\/05\/29\/fete-scolaire-2022\/\",\"name\":\"F\u00eate scolaire 2022 - Sacr\u00e9 Coeur Eugies\",\"isPartOf\":{\"@id\":\"https:\/\/www.sacrecoeureugies.be\/sacrecoeureugies\/#website\"},\"primaryImageOfPage\":{\"@id\":\"https:\/\/www.sacrecoeureugies.be\/sacrecoeureugies\/2022\/05\/29\/fete-scolaire-2022\/#primaryimage\"},\"image\":{\"@id\":\"https:\/\/www.sacrecoeureugies.be\/sacrecoeureugies\/2022\/05\/29\/fete-scolaire-2022\/#primaryimage\"},\"thumbnailUrl\":\"https:\/\/www.sacrecoeureugies.be\/sacrecoeureugies\/wp-content\/uploads\/2022\/05\/FB_IMG_1653828735819.jpg\",\"datePublished\":\"2022-05-29T13:04:01+00:00\",\"dateModified\":\"2022-05-29T13:08:18+00:00\",\"breadcrumb\":{\"@id\":\"https:\/\/www.sacrecoeureugies.be\/sacrecoeureugies\/2022\/05\/29\/fete-scolaire-2022\/#breadcrumb\"},\"inLanguage\":\"fr-FR\",\"potentialAction\":[{\"@type\":\"ReadAction\",\"target\":[\"https:\/\/www.sacrecoeureugies.be\/sacrecoeureugies\/2022\/05\/29\/fete-scolaire-2022\/\"]}]},{\"@type\":\"ImageObject\",\"inLanguage\":\"fr-FR\",\"@id\":\"https:\/\/www.sacrecoeureugies.be\/sacrecoeureugies\/2022\/05\/29\/fete-scolaire-2022\/#primaryimage\",\"url\":\"https:\/\/www.sacrecoeureugies.be\/sacrecoeureugies\/wp-content\/uploads\/2022\/05\/FB_IMG_1653828735819.jpg\",\"contentUrl\":\"https:\/\/www.sacrecoeureugies.be\/sacrecoeureugies\/wp-content\/uploads\/2022\/05\/FB_IMG_1653828735819.jpg\",\"width\":1080,\"height\":810},{\"@type\":\"BreadcrumbList\",\"@id\":\"https:\/\/www.sacrecoeureugies.be\/sacrecoeureugies\/2022\/05\/29\/fete-scolaire-2022\/#breadcrumb\",\"itemListElement\":[{\"@type\":\"ListItem\",\"position\":1,\"name\":\"Accueil\",\"item\":\"https:\/\/www.sacrecoeureugies.be\/sacrecoeureugies\/\"},{\"@type\":\"ListItem\",\"position\":2,\"name\":\"F\u00eate scolaire 2022\"}]},{\"@type\":\"WebSite\",\"@id\":\"https:\/\/www.sacrecoeureugies.be\/sacrecoeureugies\/#website\",\"url\":\"https:\/\/www.sacrecoeureugies.be\/sacrecoeureugies\/\",\"name\":\"Sacr\u00e9 Coeur Eugies\",\"description\":\"Site officel\",\"publisher\":{\"@id\":\"https:\/\/www.sacrecoeureugies.be\/sacrecoeureugies\/#organization\"},\"potentialAction\":[{\"@type\":\"SearchAction\",\"target\":{\"@type\":\"EntryPoint\",\"urlTemplate\":\"https:\/\/www.sacrecoeureugies.be\/sacrecoeureugies\/?s={search_term_string}\"},\"query-input\":{\"@type\":\"PropertyValueSpecification\",\"valueRequired\":true,\"valueName\":\"search_term_string\"}}],\"inLanguage\":\"fr-FR\"},{\"@type\":\"Organization\",\"@id\":\"https:\/\/www.sacrecoeureugies.be\/sacrecoeureugies\/#organization\",\"name\":\"Sacr\u00e9 Coeur Eugies\",\"url\":\"https:\/\/www.sacrecoeureugies.be\/sacrecoeureugies\/\",\"logo\":{\"@type\":\"ImageObject\",\"inLanguage\":\"fr-FR\",\"@id\":\"https:\/\/www.sacrecoeureugies.be\/sacrecoeureugies\/#\/schema\/logo\/image\/\",\"url\":\"https:\/\/www.sacrecoeureugies.be\/sacrecoeureugies\/wp-content\/uploads\/2020\/03\/LogoSiteEugiesNsmall.png\",\"contentUrl\":\"https:\/\/www.sacrecoeureugies.be\/sacrecoeureugies\/wp-content\/uploads\/2020\/03\/LogoSiteEugiesNsmall.png\",\"width\":440,\"height\":138,\"caption\":\"Sacr\u00e9 Coeur Eugies\"},\"image\":{\"@id\":\"https:\/\/www.sacrecoeureugies.be\/sacrecoeureugies\/#\/schema\/logo\/image\/\"},\"sameAs\":[\"https:\/\/www.facebook.com\/ecolelibresacrecoeureugies\"]},{\"@type\":\"Person\",\"@id\":\"https:\/\/www.sacrecoeureugies.be\/sacrecoeureugies\/#\/schema\/person\/0f5143ad016b42edd00ab40ba9641d03\",\"name\":\"elise.jonniaux\",\"image\":{\"@type\":\"ImageObject\",\"inLanguage\":\"fr-FR\",\"@id\":\"https:\/\/www.sacrecoeureugies.be\/sacrecoeureugies\/#\/schema\/person\/image\/\",\"url\":\"https:\/\/secure.gravatar.com\/avatar\/2c3c4c84c1fd7a2df8e1a5bc22eb3320b3f7e5c5b125be0faf6099632b3102e4?s=96&d=mm&r=g\",\"contentUrl\":\"https:\/\/secure.gravatar.com\/avatar\/2c3c4c84c1fd7a2df8e1a5bc22eb3320b3f7e5c5b125be0faf6099632b3102e4?s=96&d=mm&r=g\",\"caption\":\"elise.jonniaux\"},\"url\":\"https:\/\/www.sacrecoeureugies.be\/sacrecoeureugies\/author\/elise-jonniaux\/\"}]}<\/script>\n<!-- \/ Yoast SEO plugin. -->","yoast_head_json":{"title":"F\u00eate scolaire 2022 - Sacr\u00e9 Coeur Eugies","robots":{"index":"index","follow":"follow","max-snippet":"max-snippet:-1","max-image-preview":"max-image-preview:large","max-video-preview":"max-video-preview:-1"},"canonical":"https:\/\/www.sacrecoeureugies.be\/sacrecoeureugies\/2022\/05\/29\/fete-scolaire-2022\/","og_locale":"fr_FR","og_type":"article","og_title":"F\u00eate scolaire 2022 - Sacr\u00e9 Coeur Eugies","og_description":"Un grand merci \u00e0 tous pour cette merveilleuse journ\u00e9e !","og_url":"https:\/\/www.sacrecoeureugies.be\/sacrecoeureugies\/2022\/05\/29\/fete-scolaire-2022\/","og_site_name":"Sacr\u00e9 Coeur Eugies","article_publisher":"https:\/\/www.facebook.com\/ecolelibresacrecoeureugies","article_published_time":"2022-05-29T13:04:01+00:00","article_modified_time":"2022-05-29T13:08:18+00:00","og_image":[{"width":1080,"height":810,"url":"https:\/\/www.sacrecoeureugies.be\/sacrecoeureugies\/wp-content\/uploads\/2022\/05\/FB_IMG_1653828735819.jpg","type":"image\/jpeg"}],"author":"elise.jonniaux","twitter_card":"summary_large_image","twitter_misc":{"\u00c9crit par":"elise.jonniaux","Dur\u00e9e de lecture estim\u00e9e":"3 minutes"},"schema":{"@context":"https:\/\/schema.org","@graph":[{"@type":"Article","@id":"https:\/\/www.sacrecoeureugies.be\/sacrecoeureugies\/2022\/05\/29\/fete-scolaire-2022\/#article","isPartOf":{"@id":"https:\/\/www.sacrecoeureugies.be\/sacrecoeureugies\/2022\/05\/29\/fete-scolaire-2022\/"},"author":{"name":"elise.jonniaux","@id":"https:\/\/www.sacrecoeureugies.be\/sacrecoeureugies\/#\/schema\/person\/0f5143ad016b42edd00ab40ba9641d03"},"headline":"F\u00eate scolaire 2022","datePublished":"2022-05-29T13:04:01+00:00","dateModified":"2022-05-29T13:08:18+00:00","mainEntityOfPage":{"@id":"https:\/\/www.sacrecoeureugies.be\/sacrecoeureugies\/2022\/05\/29\/fete-scolaire-2022\/"},"wordCount":12,"publisher":{"@id":"https:\/\/www.sacrecoeureugies.be\/sacrecoeureugies\/#organization"},"image":{"@id":"https:\/\/www.sacrecoeureugies.be\/sacrecoeureugies\/2022\/05\/29\/fete-scolaire-2022\/#primaryimage"},"thumbnailUrl":"https:\/\/www.sacrecoeureugies.be\/sacrecoeureugies\/wp-content\/uploads\/2022\/05\/FB_IMG_1653828735819.jpg","articleSection":["Uncategorized"],"inLanguage":"fr-FR"},{"@type":"WebPage","@id":"https:\/\/www.sacrecoeureugies.be\/sacrecoeureugies\/2022\/05\/29\/fete-scolaire-2022\/","url":"https:\/\/www.sacrecoeureugies.be\/sacrecoeureugies\/2022\/05\/29\/fete-scolaire-2022\/","name":"F\u00eate scolaire 2022 - Sacr\u00e9 Coeur Eugies","isPartOf":{"@id":"https:\/\/www.sacrecoeureugies.be\/sacrecoeureugies\/#website"},"primaryImageOfPage":{"@id":"https:\/\/www.sacrecoeureugies.be\/sacrecoeureugies\/2022\/05\/29\/fete-scolaire-2022\/#primaryimage"},"image":{"@id":"https:\/\/www.sacrecoeureugies.be\/sacrecoeureugies\/2022\/05\/29\/fete-scolaire-2022\/#primaryimage"},"thumbnailUrl":"https:\/\/www.sacrecoeureugies.be\/sacrecoeureugies\/wp-content\/uploads\/2022\/05\/FB_IMG_1653828735819.jpg","datePublished":"2022-05-29T13:04:01+00:00","dateModified":"2022-05-29T13:08:18+00:00","breadcrumb":{"@id":"https:\/\/www.sacrecoeureugies.be\/sacrecoeureugies\/2022\/05\/29\/fete-scolaire-2022\/#breadcrumb"},"inLanguage":"fr-FR","potentialAction":[{"@type":"ReadAction","target":["https:\/\/www.sacrecoeureugies.be\/sacrecoeureugies\/2022\/05\/29\/fete-scolaire-2022\/"]}]},{"@type":"ImageObject","inLanguage":"fr-FR","@id":"https:\/\/www.sacrecoeureugies.be\/sacrecoeureugies\/2022\/05\/29\/fete-scolaire-2022\/#primaryimage","url":"https:\/\/www.sacrecoeureugies.be\/sacrecoeureugies\/wp-content\/uploads\/2022\/05\/FB_IMG_1653828735819.jpg","contentUrl":"https:\/\/www.sacrecoeureugies.be\/sacrecoeureugies\/wp-content\/uploads\/2022\/05\/FB_IMG_1653828735819.jpg","width":1080,"height":810},{"@type":"BreadcrumbList","@id":"https:\/\/www.sacrecoeureugies.be\/sacrecoeureugies\/2022\/05\/29\/fete-scolaire-2022\/#breadcrumb","itemListElement":[{"@type":"ListItem","position":1,"name":"Accueil","item":"https:\/\/www.sacrecoeureugies.be\/sacrecoeureugies\/"},{"@type":"ListItem","position":2,"name":"F\u00eate scolaire 2022"}]},{"@type":"WebSite","@id":"https:\/\/www.sacrecoeureugies.be\/sacrecoeureugies\/#website","url":"https:\/\/www.sacrecoeureugies.be\/sacrecoeureugies\/","name":"Sacr\u00e9 Coeur Eugies","description":"Site officel","publisher":{"@id":"https:\/\/www.sacrecoeureugies.be\/sacrecoeureugies\/#organization"},"potentialAction":[{"@type":"SearchAction","target":{"@type":"EntryPoint","urlTemplate":"https:\/\/www.sacrecoeureugies.be\/sacrecoeureugies\/?s={search_term_string}"},"query-input":{"@type":"PropertyValueSpecification","valueRequired":true,"valueName":"search_term_string"}}],"inLanguage":"fr-FR"},{"@type":"Organization","@id":"https:\/\/www.sacrecoeureugies.be\/sacrecoeureugies\/#organization","name":"Sacr\u00e9 Coeur Eugies","url":"https:\/\/www.sacrecoeureugies.be\/sacrecoeureugies\/","logo":{"@type":"ImageObject","inLanguage":"fr-FR","@id":"https:\/\/www.sacrecoeureugies.be\/sacrecoeureugies\/#\/schema\/logo\/image\/","url":"https:\/\/www.sacrecoeureugies.be\/sacrecoeureugies\/wp-content\/uploads\/2020\/03\/LogoSiteEugiesNsmall.png","contentUrl":"https:\/\/www.sacrecoeureugies.be\/sacrecoeureugies\/wp-content\/uploads\/2020\/03\/LogoSiteEugiesNsmall.png","width":440,"height":138,"caption":"Sacr\u00e9 Coeur Eugies"},"image":{"@id":"https:\/\/www.sacrecoeureugies.be\/sacrecoeureugies\/#\/schema\/logo\/image\/"},"sameAs":["https:\/\/www.facebook.com\/ecolelibresacrecoeureugies"]},{"@type":"Person","@id":"https:\/\/www.sacrecoeureugies.be\/sacrecoeureugies\/#\/schema\/person\/0f5143ad016b42edd00ab40ba9641d03","name":"elise.jonniaux","image":{"@type":"ImageObject","inLanguage":"fr-FR","@id":"https:\/\/www.sacrecoeureugies.be\/sacrecoeureugies\/#\/schema\/person\/image\/","url":"https:\/\/secure.gravatar.com\/avatar\/2c3c4c84c1fd7a2df8e1a5bc22eb3320b3f7e5c5b125be0faf6099632b3102e4?s=96&d=mm&r=g","contentUrl":"https:\/\/secure.gravatar.com\/avatar\/2c3c4c84c1fd7a2df8e1a5bc22eb3320b3f7e5c5b125be0faf6099632b3102e4?s=96&d=mm&r=g","caption":"elise.jonniaux"},"url":"https:\/\/www.sacrecoeureugies.be\/sacrecoeureugies\/author\/elise-jonniaux\/"}]}},"_links":{"self":[{"href":"https:\/\/www.sacrecoeureugies.be\/sacrecoeureugies\/wp-json\/wp\/v2\/posts\/6661","targetHints":{"allow":["GET"]}}],"collection":[{"href":"https:\/\/www.sacrecoeureugies.be\/sacrecoeureugies\/wp-json\/wp\/v2\/posts"}],"about":[{"href":"https:\/\/www.sacrecoeureugies.be\/sacrecoeureugies\/wp-json\/wp\/v2\/types\/post"}],"author":[{"embeddable":true,"href":"https:\/\/www.sacrecoeureugies.be\/sacrecoeureugies\/wp-json\/wp\/v2\/users\/5"}],"replies":[{"embeddable":true,"href":"https:\/\/www.sacrecoeureugies.be\/sacrecoeureugies\/wp-json\/wp\/v2\/comments?post=6661"}],"version-history":[{"count":4,"href":"https:\/\/www.sacrecoeureugies.be\/sacrecoeureugies\/wp-json\/wp\/v2\/posts\/6661\/revisions"}],"predecessor-version":[{"id":6682,"href":"https:\/\/www.sacrecoeureugies.be\/sacrecoeureugies\/wp-json\/wp\/v2\/posts\/6661\/revisions\/6682"}],"wp:featuredmedia":[{"embeddable":true,"href":"https:\/\/www.sacrecoeureugies.be\/sacrecoeureugies\/wp-json\/wp\/v2\/media\/6662"}],"wp:attachment":[{"href":"https:\/\/www.sacrecoeureugies.be\/sacrecoeureugies\/wp-json\/wp\/v2\/media?parent=6661"}],"wp:term":[{"taxonomy":"category","embeddable":true,"href":"https:\/\/www.sacrecoeureugies.be\/sacrecoeureugies\/wp-json\/wp\/v2\/categories?post=6661"},{"taxonomy":"post_tag","embeddable":true,"href":"https:\/\/www.sacrecoeureugies.be\/sacrecoeureugies\/wp-json\/wp\/v2\/tags?post=6661"}],"curies":[{"name":"wp","href":"https:\/\/api.w.org\/{rel}","templated":true}]}}